{"id":1091,"date":"2023-09-20T10:23:00","date_gmt":"2023-09-20T10:23:00","guid":{"rendered":"https:\/\/ejalbum.com\/ejalbum3\/?p=1091"},"modified":"2026-01-09T10:25:22","modified_gmt":"2026-01-09T10:25:22","slug":"fokus-award-14-edition","status":"publish","type":"post","link":"https:\/\/ejalbum.com\/sq\/fokus-award-14-edition\/","title":{"rendered":"Fokus Award 14 Edition"},"content":{"rendered":"<p>FOKUS AWARD 2023 \u2013 EDICIONI 14<\/p>\n\n\n\n<p>\u201cGj\u00ebrat Kan\u00eb Ndryshuar \/ Things Have Changed?\u201d<\/p>\n\n\n\n<p>\u00c7elja e Festivalit:<br>\u2013 22 Shtator 2023 \/ ora 18:00 \u2013 Galeria e Arteve \u201cVilson Kilica\u201d, Fier.<\/p>\n\n\n\n<p>Ceremonia e Dh\u00ebnies s\u00eb \u00c7mimeve:<br>\u2013 22 Shtator 2023 \/ ora 20:00 \u2013 \u201cTeatri Bylis\u201d, Fier<\/p>\n\n\n\n<p>Ekspozita n\u00eb:<br>\u2013 Fier \/ Vlor\u00eb \/ Tiran\u00eb \/ Elbasan \/ Barletta &amp; Orvieto (Ita)<\/p>\n\n\n\n<p>\u201cFokus Award\u201d, i cili organizohet prej gati dy dekadash n\u00eb qytetin e Fierit duke arritur tashme n\u00eb edicionin e tij t\u00eb 14-t\u00eb, Ju fton n\u00eb Ceremonin\u00eb e Dh\u00ebnies s\u00eb \u00c7mimeve dit\u00ebn e premte, dat\u00eb 22 Shtator 2023, ora 18:00. Fokus Award \u00ebsht\u00eb jo vet\u00ebm festivali m\u00eb i madh dhe i r\u00ebnd\u00ebsish\u00ebm por edhe m\u00eb jet\u00ebgjati nd\u00ebr festivalet e fotografis\u00eb n\u00eb rajon. Festivali organizohet me mb\u00ebshtetjen e Ministris\u00eb s\u00eb Kultur\u00ebs dhe Bashkis\u00eb Fier dhe mbledh rreth tij qindra fotograf\u00eb profesionist\u00eb dhe t\u00eb apasionuar rreth fotografis\u00eb duke krijuar tashm\u00eb nj\u00eb komunitet t\u00eb konsoliduar dhe nj\u00eb vemendje nd\u00ebrkomb\u00ebtare reth tij.<\/p>\n\n\n\n<p>Festivali shtrihet n\u00eb koh\u00eb dhe qytete t\u00eb ndryshme duke filluar me qytetin e Vlor\u00ebs, ku n\u00eb dat\u00ebn 20 Shtator 2023 n\u00eb or\u00ebn 18:00 pran\u00eb \u201cAlpha Gallery\u201d \u00e7el dyert ekspozita tematike \u201cLife\u201d. Festivali ka marr\u00ebdh\u00ebnie konkrete me simotra t\u00eb saj n\u00eb rajon dhe bot\u00eb, marr\u00ebveshje bashk\u00ebpunimi me organizata t\u00eb ndryshme si FIOF \u2013 Fondi Nd\u00ebrkomb\u00ebtar i Fotografis\u00eb Italiane apo Fotometria n\u00eb Greqi me t\u00eb cil\u00ebt shk\u00ebmben projekte, ekspozita dhe realizon k\u00ebshtu nj\u00eb prej objektivave t\u00eb tj kryesor\u00eb i cili \u00ebsht\u00eb nd\u00ebrkomb\u00ebtarizimi i fotografis\u00eb shqiptare. N\u00eb k\u00ebt\u00eb priz\u00ebm, n\u00eb dat\u00ebn 21 Shtator 2023 pran\u00eb Parkut Arkeologjik t\u00eb Apolonis\u00eb , salla \u201cTrapezeria\u201d, \u00e7elet ekspozita me Ambasador\u00ebt e Fotografis\u00eb Italiane n\u00eb Bot\u00eb dhe n\u00eb dat\u00eb 22 Shtator 2023, n\u00eb hollin e Tetrit Bylis n\u00eb Fier, ku edhe do t\u00eb mbahet Ceremonia Festive e \u00c7mimeve 2023, do t\u00eb ekspozohet nj\u00eb shfaqje me 27 autor\u00eb italian\u00eb me titullin \u201cRi\/Svegli \u2013 Ri\/Zgjime\u201d. N\u00eb Galerin\u00eb \u201cVilson Kilica\u201d t\u00eb qytetit t\u00eb Fierit, n\u00eb dat\u00ebn 22 Shtator 2023, n\u00eb or\u00ebn 18:00 \u00e7elen ekspozitat tematike \u201cPeople\u201d, \u201cLand\u201d si edhe ajo me tem\u00ebn kryesore t\u00eb konkursit, \u201cGj\u00ebrat Kan\u00eb Ndryshuar?\u201d. M\u00eb pas, Tirana do t\u00eb jet\u00eb destinacioni tjet\u00ebr n\u00eb tetor me ekspozit\u00ebn \u201cPress Photo\u201d e m\u00eb tej Elbasani n\u00eb datat 11 dhe 12 Tetor 2023 me nj\u00eb p\u00ebrzgjedhje fotografike nga Edicioni i 14t\u00eb p\u00ebr t\u00eb vazhduar akoma m\u00eb tej n\u00eb Itali, n\u00eb Barletta dhe \u201cOrvieto Fotografia\u201d n\u00eb mars t\u00eb vitit 2024. Pra, ky edicion i festivalit sjell mbi 7 ekspozita tematike dhe shum\u00eb t\u00eb tjera speciale p\u00ebr publikun shqiptar dhe at\u00eb t\u00eb huaj.<\/p>\n\n\n\n<p>TEMA KRYESORE: Festivali Nd\u00ebrkomb\u00ebtar i Fotografis\u00eb \u201cFokus Award\u201d, p\u00ebr t\u00eb 14 edicion sjell p\u00ebr publikun fotografin\u00eb autoriale bashk\u00ebkohore bazuar n\u00eb nj\u00eb arketip ku koncepti, ideja, tema \u2013 bazuar n\u00eb nj\u00ebsin\u00eb tez\u00eb kuratoriale \u2013 jan\u00eb baza e p\u00ebrzgjedhjes s\u00eb imazheve. Nj\u00eb paradigm\u00eb tashm\u00eb e p\u00ebrmbysur kjo \u2013 jemi fiks n\u00eb momentin e kalimit nga epoka ku dukej sikur \u201cfotokamera nuk g\u00ebnjente kurr\u00eb\u201d n\u00eb at\u00eb ku imazhet \u2013 edhe realiste mund t\u00eb krijohen pa p\u00ebrdorimin e nj\u00eb aparati fotografik. Duket ironike edhe shprehja e Diane Arbus se \u201cka gj\u00ebra t\u00eb cilat \u00ebsht\u00eb e pamundur t\u00eb shikohen p\u00ebrpara se ajo t\u2019i fotografonte\u201d. \u201cGj\u00ebrat kan\u00eb ndryshuar\u201d \u2013 k\u00ebndonte hidhesisht Bob Dylan dhe ne nuk duam aspak ta fshehim k\u00ebt\u00eb gj\u00eb, p\u00ebrkundrazi, duam t\u2019i dedikojm\u00eb tem\u00ebn kryesore t\u00eb festivalit. Nuk \u00ebsht\u00eb nj\u00eb sfid\u00eb mes nesh dhe makin\u00ebs \u2013 \u201cFokus Award\u201d me fotografit\u00eb tuaja k\u00ebrkon t\u00eb b\u00ebhet manifest i nj\u00eb rezistence artistike e cila e kap\u00ebrcen k\u00ebt\u00eb ndryshim duke e v\u00ebn\u00eb n\u00eb dyshim k\u00ebt\u00eb destruktivitet t\u00eb imazhit fotografik. Ekspozitat sjellin fotografi t\u00eb cilat jo vet\u00ebm shfaqin vizionin e fotograf\u00ebve mbi k\u00ebt\u00eb ndryshim epokal por nj\u00ebkoh\u00ebsisht rivendosin n\u00eb bot\u00ebn e imazhit nj\u00eb hierarki, n\u00eb maj\u00eb t\u00eb s\u00eb cil\u00ebs q\u00ebndron mendimi dhe inteligjenca njer\u00ebzore, nuhajtja dhe ndjeshm\u00ebria e fotografit. I cili duhet t\u00eb vazhdoj\u00eb nd\u00ebrkoh\u00eb q\u00eb t\u00eb tregoj\u00eb bot\u00ebn dhe konditat e njer\u00ebzimit n\u00eb m\u00ebnyr\u00eb t\u00eb p\u00ebrgjegjshme, t\u00eb ekuilibruar, pra me autoritetin e tij, si artist. Me k\u00ebt\u00eb teme dhe sfid\u00eb epokale, Fokus Award p\u00ebrball publikun me shqiptar nj\u00eb p\u00ebrzgjedhje prej 183 artist\u00ebsh nga 25 vende t\u00eb ndryshme t\u00eb bot\u00ebs. Mbi 395 artist\u00eb nga e gjith\u00eb bota kan\u00eb aplikuar m\u00eb par\u00eb p\u00ebr konkurset e festivalit.<\/p>\n\n\n\n<p>\u00c7MIMET FITUESE: Fituesi i \u00c7mimit \u201cFOKUS AWARD 2023\u201d p\u00ebr Tem\u00ebn Kryesore \u201cGj\u00ebrat kan\u00eb Ndryshuar\u201d p\u00ebrfiton nj\u00eb vler\u00eb monetare prej 1000 Euro. Fituesi i Cmimit \u201cPRESS PHOTO 2023\u201d p\u00ebrfiton nj\u00eb vler\u00eb monetare prej 1000 Euro. Fituesit e \u00c7mimeve \u201cLand\u201d, \u201cPeople\u201d dhe \u201cLife\u201d p\u00ebrfitojn\u00eb nj\u00eb vler\u00eb monetare prej 500 Euro.<\/p>\n\n\n\n<p>ORGANIZUAR NGA: \u201cQ\u00ebndra Albania Fokus\u201d \/ Me mbershtetjen Financiare t\u00eb: Ministria e Kultur\u00ebs e Shqip\u00ebris\u00eb, Bashkia Fier, BenArt Print, Nikon, Zgatar Electronic \/ Ne partneritet me Galerine e Artit \u201cVilson Kilica\u201d Fier, FIOF, Fotometria, \u201cAlfa Gallery\u201d Vlor\u00eb, Teatri \u201cBylis\u201d Fier, Shoqata Antik dhe EJAlbum \/ Drejtor Artistik: Arben Alliaj \/ Manaxher: Saimir Ahmeti \/ Juria e konkursit: Maria Lanotte, Ardian Isufi, Genti Skullaku, Jetona Ko\u00e7ibelli, Agron Dragaj, Achilleas Tziakos. Bordi Kuratorial: Burim Myftiu, Osman Demiri, Elton Koritari.<\/p>\n\n\n\n<p>Organizator\u00ebt dhe Bordi Kuratorial i Festivalit \u201cFokus Award 2023\u201d kan\u00eb nderin dhe k\u00ebnaq\u00ebsin\u00eb t\u2019Ju ftojn\u00eb n\u00eb hapjen e ekspozit\u00ebs dhe n\u00eb konferenc\u00ebn e organizuar p\u00ebr shtypin n\u00eb fillim t\u00eb saj. Fokus Award, n\u00eb p\u00ebrfundim t\u00eb hapjes s\u00eb ekspozit\u00ebs, organizon Ceremonin\u00eb e Dh\u00ebnies s\u00eb \u00c7mimeve pran\u00eb Teatrit Bylis, n\u00eb or\u00ebn 20:00 n\u00eb nj\u00eb mbr\u00ebmje festive me artist\u00ebt pjesmarr\u00ebs, personalitetet, gazetar\u00ebt dhe artdash\u00ebsit e shumt\u00eb. T\u00eb ftuar n\u00eb koncertin festiv jan\u00eb artist\u00ebt Redon Makashi, Aleksand\u00ebr Gjoka, Egzona Ademi dhe Elton Deda.<\/p>\n\n\n\n<p>P\u00ebr informacione t\u00eb m\u00ebtejshme apo p\u00ebr materiale shtes\u00eb mund t\u00eb kontaktoni me zyr\u00ebn ton\u00eb t\u00eb komunikimit n\u00eb kontaktet e m\u00ebposhtme. Nj\u00eb press kitt me materiale dhe informacione rreth ekspozit\u00ebs mund t\u00eb shkarkohet edhe n\u00eb k\u00ebte link: www.fokusaward.com<\/p>\n\n\n\n<p>Kontakte: Email: info@fokusaward.com \/ Tel. +355693949167 \/ Tel. +355696472272 Ju mir\u00ebpresim<\/p>","protected":false},"excerpt":{"rendered":"<p>\u201cFokus Award\u201d, i cili organizohet prej gati dy dekadash n\u00eb qytetin e Fierit duke arritur tashme n\u00eb edicionin e tij t\u00eb 14-t\u00eb, Ju fton n\u00eb Ceremonin\u00eb e Dh\u00ebnies s\u00eb \u00c7mimeve dit\u00ebn e premte, dat\u00eb 22 Shtator 2023, ora 18:00. Fokus Award \u00ebsht\u00eb jo vet\u00ebm festivali m\u00eb i madh dhe i r\u00ebnd\u00ebsish\u00ebm por edhe m\u00eb jet\u00ebgjati nd\u00ebr festivalet e fotografis\u00eb n\u00eb rajon. Festivali organizohet me mb\u00ebshtetjen e Ministris\u00eb s\u00eb Kultur\u00ebs dhe Bashkis\u00eb Fier dhe mbledh rreth tij qindra fotograf\u00eb profesionist\u00eb dhe t\u00eb apasionuar rreth fotografis\u00eb duke krijuar tashm\u00eb nj\u00eb komunitet t\u00eb konsoliduar dhe nj\u00eb vemendje nd\u00ebrkomb\u00ebtare reth tij.<\/p>","protected":false},"author":1,"featured_media":1092,"comment_status":"open","ping_status":"open","sticky":false,"template":"","format":"standard","meta":{"_acf_changed":false,"footnotes":""},"categories":[13],"tags":[],"class_list":["post-1091","post","type-post","status-publish","format-standard","has-post-thumbnail","hentry","category-blog"],"acf":[],"yoast_head":"<!-- This site is optimized with the Yoast SEO Premium plugin v26.9 (Yoast SEO v27.4) - https:\/\/yoast.com\/product\/yoast-seo-premium-wordpress\/ -->\n<title>Fokus Award 14 Edition - Ejalbum<\/title>\n<meta name=\"robots\" content=\"index, follow, max-snippet:-1, max-image-preview:large, max-video-preview:-1\" \/>\n<link rel=\"canonical\" href=\"https:\/\/ejalbum.com\/sq\/fokus-award-14-edition\/\" \/>\n<meta property=\"og:locale\" content=\"sq_AL\" \/>\n<meta property=\"og:type\" content=\"article\" \/>\n<meta property=\"og:title\" content=\"Fokus Award 14 Edition\" \/>\n<meta property=\"og:description\" content=\"\u201cFokus Award\u201d, i cili organizohet prej gati dy dekadash n\u00eb qytetin e Fierit duke arritur tashme n\u00eb edicionin e tij t\u00eb 14-t\u00eb, Ju fton n\u00eb Ceremonin\u00eb e Dh\u00ebnies s\u00eb \u00c7mimeve dit\u00ebn e premte, dat\u00eb 22 Shtator 2023, ora 18:00. Fokus Award \u00ebsht\u00eb jo vet\u00ebm festivali m\u00eb i madh dhe i r\u00ebnd\u00ebsish\u00ebm por edhe m\u00eb jet\u00ebgjati nd\u00ebr festivalet e fotografis\u00eb n\u00eb rajon. Festivali organizohet me mb\u00ebshtetjen e Ministris\u00eb s\u00eb Kultur\u00ebs dhe Bashkis\u00eb Fier dhe mbledh rreth tij qindra fotograf\u00eb profesionist\u00eb dhe t\u00eb apasionuar rreth fotografis\u00eb duke krijuar tashm\u00eb nj\u00eb komunitet t\u00eb konsoliduar dhe nj\u00eb vemendje nd\u00ebrkomb\u00ebtare reth tij.\" \/>\n<meta property=\"og:url\" content=\"https:\/\/ejalbum.com\/sq\/fokus-award-14-edition\/\" \/>\n<meta property=\"og:site_name\" content=\"Ejalbum\" \/>\n<meta property=\"article:publisher\" content=\"https:\/\/www.facebook.com\/EJAlbum\/\" \/>\n<meta property=\"article:published_time\" content=\"2023-09-20T10:23:00+00:00\" \/>\n<meta property=\"article:modified_time\" content=\"2026-01-09T10:25:22+00:00\" \/>\n<meta property=\"og:image\" content=\"https:\/\/ejalbum.com\/wp-content\/uploads\/2026\/01\/Screen-Shot-2023-09-20-at-1.06.10-PM-copy.png\" \/>\n\t<meta property=\"og:image:width\" content=\"1137\" \/>\n\t<meta property=\"og:image:height\" content=\"1136\" \/>\n\t<meta property=\"og:image:type\" content=\"image\/png\" \/>\n<meta name=\"author\" content=\"Kristi\" \/>\n<meta name=\"twitter:card\" content=\"summary_large_image\" \/>\n<meta name=\"twitter:label1\" content=\"Written by\" \/>\n\t<meta name=\"twitter:data1\" content=\"Kristi\" \/>\n\t<meta name=\"twitter:label2\" content=\"Est. reading time\" \/>\n\t<meta name=\"twitter:data2\" content=\"5 minuta\" \/>\n<script type=\"application\/ld+json\" class=\"yoast-schema-graph\">{\"@context\":\"https:\\\/\\\/schema.org\",\"@graph\":[{\"@type\":\"Article\",\"@id\":\"https:\\\/\\\/ejalbum.com\\\/sq\\\/fokus-award-14-edition\\\/#article\",\"isPartOf\":{\"@id\":\"https:\\\/\\\/ejalbum.com\\\/sq\\\/fokus-award-14-edition\\\/\"},\"author\":{\"name\":\"Kristi\",\"@id\":\"https:\\\/\\\/ejalbum.com\\\/#\\\/schema\\\/person\\\/990e264d52505aa7c90e3affd708b5a0\"},\"headline\":\"Fokus Award 14 Edition\",\"datePublished\":\"2023-09-20T10:23:00+00:00\",\"dateModified\":\"2026-01-09T10:25:22+00:00\",\"mainEntityOfPage\":{\"@id\":\"https:\\\/\\\/ejalbum.com\\\/sq\\\/fokus-award-14-edition\\\/\"},\"wordCount\":990,\"commentCount\":0,\"publisher\":{\"@id\":\"https:\\\/\\\/ejalbum.com\\\/#organization\"},\"image\":{\"@id\":\"https:\\\/\\\/ejalbum.com\\\/sq\\\/fokus-award-14-edition\\\/#primaryimage\"},\"thumbnailUrl\":\"https:\\\/\\\/ejalbum.com\\\/wp-content\\\/uploads\\\/2026\\\/01\\\/Screen-Shot-2023-09-20-at-1.06.10-PM-copy.png\",\"articleSection\":[\"Blog\"],\"inLanguage\":\"sq\",\"potentialAction\":[{\"@type\":\"CommentAction\",\"name\":\"Comment\",\"target\":[\"https:\\\/\\\/ejalbum.com\\\/sq\\\/fokus-award-14-edition\\\/#respond\"]}]},{\"@type\":\"WebPage\",\"@id\":\"https:\\\/\\\/ejalbum.com\\\/sq\\\/fokus-award-14-edition\\\/\",\"url\":\"https:\\\/\\\/ejalbum.com\\\/sq\\\/fokus-award-14-edition\\\/\",\"name\":\"Fokus Award 14 Edition - Ejalbum\",\"isPartOf\":{\"@id\":\"https:\\\/\\\/ejalbum.com\\\/#website\"},\"primaryImageOfPage\":{\"@id\":\"https:\\\/\\\/ejalbum.com\\\/sq\\\/fokus-award-14-edition\\\/#primaryimage\"},\"image\":{\"@id\":\"https:\\\/\\\/ejalbum.com\\\/sq\\\/fokus-award-14-edition\\\/#primaryimage\"},\"thumbnailUrl\":\"https:\\\/\\\/ejalbum.com\\\/wp-content\\\/uploads\\\/2026\\\/01\\\/Screen-Shot-2023-09-20-at-1.06.10-PM-copy.png\",\"datePublished\":\"2023-09-20T10:23:00+00:00\",\"dateModified\":\"2026-01-09T10:25:22+00:00\",\"breadcrumb\":{\"@id\":\"https:\\\/\\\/ejalbum.com\\\/sq\\\/fokus-award-14-edition\\\/#breadcrumb\"},\"inLanguage\":\"sq\",\"potentialAction\":[{\"@type\":\"ReadAction\",\"target\":[\"https:\\\/\\\/ejalbum.com\\\/sq\\\/fokus-award-14-edition\\\/\"]}]},{\"@type\":\"ImageObject\",\"inLanguage\":\"sq\",\"@id\":\"https:\\\/\\\/ejalbum.com\\\/sq\\\/fokus-award-14-edition\\\/#primaryimage\",\"url\":\"https:\\\/\\\/ejalbum.com\\\/wp-content\\\/uploads\\\/2026\\\/01\\\/Screen-Shot-2023-09-20-at-1.06.10-PM-copy.png\",\"contentUrl\":\"https:\\\/\\\/ejalbum.com\\\/wp-content\\\/uploads\\\/2026\\\/01\\\/Screen-Shot-2023-09-20-at-1.06.10-PM-copy.png\",\"width\":1137,\"height\":1136},{\"@type\":\"BreadcrumbList\",\"@id\":\"https:\\\/\\\/ejalbum.com\\\/sq\\\/fokus-award-14-edition\\\/#breadcrumb\",\"itemListElement\":[{\"@type\":\"ListItem\",\"position\":1,\"name\":\"Home\",\"item\":\"https:\\\/\\\/ejalbum.com\\\/\"},{\"@type\":\"ListItem\",\"position\":2,\"name\":\"Fokus Award 14 Edition\"}]},{\"@type\":\"WebSite\",\"@id\":\"https:\\\/\\\/ejalbum.com\\\/#website\",\"url\":\"https:\\\/\\\/ejalbum.com\\\/\",\"name\":\"Ejalbum\",\"description\":\"Because Emotions Matter\",\"publisher\":{\"@id\":\"https:\\\/\\\/ejalbum.com\\\/#organization\"},\"potentialAction\":[{\"@type\":\"SearchAction\",\"target\":{\"@type\":\"EntryPoint\",\"urlTemplate\":\"https:\\\/\\\/ejalbum.com\\\/?s={search_term_string}\"},\"query-input\":{\"@type\":\"PropertyValueSpecification\",\"valueRequired\":true,\"valueName\":\"search_term_string\"}}],\"inLanguage\":\"sq\"},{\"@type\":\"Organization\",\"@id\":\"https:\\\/\\\/ejalbum.com\\\/#organization\",\"name\":\"Ejalbum\",\"url\":\"https:\\\/\\\/ejalbum.com\\\/\",\"logo\":{\"@type\":\"ImageObject\",\"inLanguage\":\"sq\",\"@id\":\"https:\\\/\\\/ejalbum.com\\\/#\\\/schema\\\/logo\\\/image\\\/\",\"url\":\"https:\\\/\\\/ejalbum.com\\\/wp-content\\\/uploads\\\/2025\\\/12\\\/Logo-EJAlbum-1.png\",\"contentUrl\":\"https:\\\/\\\/ejalbum.com\\\/wp-content\\\/uploads\\\/2025\\\/12\\\/Logo-EJAlbum-1.png\",\"width\":1210,\"height\":358,\"caption\":\"Ejalbum\"},\"image\":{\"@id\":\"https:\\\/\\\/ejalbum.com\\\/#\\\/schema\\\/logo\\\/image\\\/\"},\"sameAs\":[\"https:\\\/\\\/www.facebook.com\\\/EJAlbum\\\/\",\"https:\\\/\\\/www.instagram.com\\\/ejalbum\\\/\",\"https:\\\/\\\/www.youtube.com\\\/user\\\/ejalbum\"]},{\"@type\":\"Person\",\"@id\":\"https:\\\/\\\/ejalbum.com\\\/#\\\/schema\\\/person\\\/990e264d52505aa7c90e3affd708b5a0\",\"name\":\"Kristi\",\"image\":{\"@type\":\"ImageObject\",\"inLanguage\":\"sq\",\"@id\":\"https:\\\/\\\/secure.gravatar.com\\\/avatar\\\/4f568fad5cdf64d9176b0eef9d13ef883410a8609a9b93c3640fcfafcbf05519?s=96&d=mm&r=g\",\"url\":\"https:\\\/\\\/secure.gravatar.com\\\/avatar\\\/4f568fad5cdf64d9176b0eef9d13ef883410a8609a9b93c3640fcfafcbf05519?s=96&d=mm&r=g\",\"contentUrl\":\"https:\\\/\\\/secure.gravatar.com\\\/avatar\\\/4f568fad5cdf64d9176b0eef9d13ef883410a8609a9b93c3640fcfafcbf05519?s=96&d=mm&r=g\",\"caption\":\"Kristi\"},\"description\":\"f\",\"sameAs\":[\"https:\\\/\\\/ejalbum.com\"],\"url\":\"https:\\\/\\\/ejalbum.com\\\/sq\\\/author\\\/kristi\\\/\"}]}<\/script>\n<!-- \/ Yoast SEO Premium plugin. -->","yoast_head_json":{"title":"Fokus Award 14 Edition - Ejalbum","robots":{"index":"index","follow":"follow","max-snippet":"max-snippet:-1","max-image-preview":"max-image-preview:large","max-video-preview":"max-video-preview:-1"},"canonical":"https:\/\/ejalbum.com\/sq\/fokus-award-14-edition\/","og_locale":"sq_AL","og_type":"article","og_title":"Fokus Award 14 Edition","og_description":"\u201cFokus Award\u201d, i cili organizohet prej gati dy dekadash n\u00eb qytetin e Fierit duke arritur tashme n\u00eb edicionin e tij t\u00eb 14-t\u00eb, Ju fton n\u00eb Ceremonin\u00eb e Dh\u00ebnies s\u00eb \u00c7mimeve dit\u00ebn e premte, dat\u00eb 22 Shtator 2023, ora 18:00. Fokus Award \u00ebsht\u00eb jo vet\u00ebm festivali m\u00eb i madh dhe i r\u00ebnd\u00ebsish\u00ebm por edhe m\u00eb jet\u00ebgjati nd\u00ebr festivalet e fotografis\u00eb n\u00eb rajon. Festivali organizohet me mb\u00ebshtetjen e Ministris\u00eb s\u00eb Kultur\u00ebs dhe Bashkis\u00eb Fier dhe mbledh rreth tij qindra fotograf\u00eb profesionist\u00eb dhe t\u00eb apasionuar rreth fotografis\u00eb duke krijuar tashm\u00eb nj\u00eb komunitet t\u00eb konsoliduar dhe nj\u00eb vemendje nd\u00ebrkomb\u00ebtare reth tij.","og_url":"https:\/\/ejalbum.com\/sq\/fokus-award-14-edition\/","og_site_name":"Ejalbum","article_publisher":"https:\/\/www.facebook.com\/EJAlbum\/","article_published_time":"2023-09-20T10:23:00+00:00","article_modified_time":"2026-01-09T10:25:22+00:00","og_image":[{"width":1137,"height":1136,"url":"https:\/\/ejalbum.com\/wp-content\/uploads\/2026\/01\/Screen-Shot-2023-09-20-at-1.06.10-PM-copy.png","type":"image\/png"}],"author":"Kristi","twitter_card":"summary_large_image","twitter_misc":{"Written by":"Kristi","Est. reading time":"5 minuta"},"schema":{"@context":"https:\/\/schema.org","@graph":[{"@type":"Article","@id":"https:\/\/ejalbum.com\/sq\/fokus-award-14-edition\/#article","isPartOf":{"@id":"https:\/\/ejalbum.com\/sq\/fokus-award-14-edition\/"},"author":{"name":"Kristi","@id":"https:\/\/ejalbum.com\/#\/schema\/person\/990e264d52505aa7c90e3affd708b5a0"},"headline":"Fokus Award 14 Edition","datePublished":"2023-09-20T10:23:00+00:00","dateModified":"2026-01-09T10:25:22+00:00","mainEntityOfPage":{"@id":"https:\/\/ejalbum.com\/sq\/fokus-award-14-edition\/"},"wordCount":990,"commentCount":0,"publisher":{"@id":"https:\/\/ejalbum.com\/#organization"},"image":{"@id":"https:\/\/ejalbum.com\/sq\/fokus-award-14-edition\/#primaryimage"},"thumbnailUrl":"https:\/\/ejalbum.com\/wp-content\/uploads\/2026\/01\/Screen-Shot-2023-09-20-at-1.06.10-PM-copy.png","articleSection":["Blog"],"inLanguage":"sq","potentialAction":[{"@type":"CommentAction","name":"Comment","target":["https:\/\/ejalbum.com\/sq\/fokus-award-14-edition\/#respond"]}]},{"@type":"WebPage","@id":"https:\/\/ejalbum.com\/sq\/fokus-award-14-edition\/","url":"https:\/\/ejalbum.com\/sq\/fokus-award-14-edition\/","name":"Fokus Award 14 Edition - Ejalbum","isPartOf":{"@id":"https:\/\/ejalbum.com\/#website"},"primaryImageOfPage":{"@id":"https:\/\/ejalbum.com\/sq\/fokus-award-14-edition\/#primaryimage"},"image":{"@id":"https:\/\/ejalbum.com\/sq\/fokus-award-14-edition\/#primaryimage"},"thumbnailUrl":"https:\/\/ejalbum.com\/wp-content\/uploads\/2026\/01\/Screen-Shot-2023-09-20-at-1.06.10-PM-copy.png","datePublished":"2023-09-20T10:23:00+00:00","dateModified":"2026-01-09T10:25:22+00:00","breadcrumb":{"@id":"https:\/\/ejalbum.com\/sq\/fokus-award-14-edition\/#breadcrumb"},"inLanguage":"sq","potentialAction":[{"@type":"ReadAction","target":["https:\/\/ejalbum.com\/sq\/fokus-award-14-edition\/"]}]},{"@type":"ImageObject","inLanguage":"sq","@id":"https:\/\/ejalbum.com\/sq\/fokus-award-14-edition\/#primaryimage","url":"https:\/\/ejalbum.com\/wp-content\/uploads\/2026\/01\/Screen-Shot-2023-09-20-at-1.06.10-PM-copy.png","contentUrl":"https:\/\/ejalbum.com\/wp-content\/uploads\/2026\/01\/Screen-Shot-2023-09-20-at-1.06.10-PM-copy.png","width":1137,"height":1136},{"@type":"BreadcrumbList","@id":"https:\/\/ejalbum.com\/sq\/fokus-award-14-edition\/#breadcrumb","itemListElement":[{"@type":"ListItem","position":1,"name":"Home","item":"https:\/\/ejalbum.com\/"},{"@type":"ListItem","position":2,"name":"Fokus Award 14 Edition"}]},{"@type":"WebSite","@id":"https:\/\/ejalbum.com\/#website","url":"https:\/\/ejalbum.com\/","name":"Ejalbum","description":"Because Emotions Matter","publisher":{"@id":"https:\/\/ejalbum.com\/#organization"},"potentialAction":[{"@type":"SearchAction","target":{"@type":"EntryPoint","urlTemplate":"https:\/\/ejalbum.com\/?s={search_term_string}"},"query-input":{"@type":"PropertyValueSpecification","valueRequired":true,"valueName":"search_term_string"}}],"inLanguage":"sq"},{"@type":"Organization","@id":"https:\/\/ejalbum.com\/#organization","name":"Ejalbum","url":"https:\/\/ejalbum.com\/","logo":{"@type":"ImageObject","inLanguage":"sq","@id":"https:\/\/ejalbum.com\/#\/schema\/logo\/image\/","url":"https:\/\/ejalbum.com\/wp-content\/uploads\/2025\/12\/Logo-EJAlbum-1.png","contentUrl":"https:\/\/ejalbum.com\/wp-content\/uploads\/2025\/12\/Logo-EJAlbum-1.png","width":1210,"height":358,"caption":"Ejalbum"},"image":{"@id":"https:\/\/ejalbum.com\/#\/schema\/logo\/image\/"},"sameAs":["https:\/\/www.facebook.com\/EJAlbum\/","https:\/\/www.instagram.com\/ejalbum\/","https:\/\/www.youtube.com\/user\/ejalbum"]},{"@type":"Person","@id":"https:\/\/ejalbum.com\/#\/schema\/person\/990e264d52505aa7c90e3affd708b5a0","name":"Kristi","image":{"@type":"ImageObject","inLanguage":"sq","@id":"https:\/\/secure.gravatar.com\/avatar\/4f568fad5cdf64d9176b0eef9d13ef883410a8609a9b93c3640fcfafcbf05519?s=96&d=mm&r=g","url":"https:\/\/secure.gravatar.com\/avatar\/4f568fad5cdf64d9176b0eef9d13ef883410a8609a9b93c3640fcfafcbf05519?s=96&d=mm&r=g","contentUrl":"https:\/\/secure.gravatar.com\/avatar\/4f568fad5cdf64d9176b0eef9d13ef883410a8609a9b93c3640fcfafcbf05519?s=96&d=mm&r=g","caption":"Kristi"},"description":"f","sameAs":["https:\/\/ejalbum.com"],"url":"https:\/\/ejalbum.com\/sq\/author\/kristi\/"}]}},"_links":{"self":[{"href":"https:\/\/ejalbum.com\/sq\/wp-json\/wp\/v2\/posts\/1091","targetHints":{"allow":["GET"]}}],"collection":[{"href":"https:\/\/ejalbum.com\/sq\/wp-json\/wp\/v2\/posts"}],"about":[{"href":"https:\/\/ejalbum.com\/sq\/wp-json\/wp\/v2\/types\/post"}],"author":[{"embeddable":true,"href":"https:\/\/ejalbum.com\/sq\/wp-json\/wp\/v2\/users\/1"}],"replies":[{"embeddable":true,"href":"https:\/\/ejalbum.com\/sq\/wp-json\/wp\/v2\/comments?post=1091"}],"version-history":[{"count":0,"href":"https:\/\/ejalbum.com\/sq\/wp-json\/wp\/v2\/posts\/1091\/revisions"}],"wp:featuredmedia":[{"embeddable":true,"href":"https:\/\/ejalbum.com\/sq\/wp-json\/wp\/v2\/media\/1092"}],"wp:attachment":[{"href":"https:\/\/ejalbum.com\/sq\/wp-json\/wp\/v2\/media?parent=1091"}],"wp:term":[{"taxonomy":"category","embeddable":true,"href":"https:\/\/ejalbum.com\/sq\/wp-json\/wp\/v2\/categories?post=1091"},{"taxonomy":"post_tag","embeddable":true,"href":"https:\/\/ejalbum.com\/sq\/wp-json\/wp\/v2\/tags?post=1091"}],"curies":[{"name":"wp","href":"https:\/\/api.w.org\/{rel}","templated":true}]}}