{"id":3045,"date":"2026-01-20T14:11:58","date_gmt":"2026-01-20T14:11:58","guid":{"rendered":"https:\/\/ejalbum.com\/ejalbum3\/?p=3045"},"modified":"2026-01-28T12:25:54","modified_gmt":"2026-01-28T12:25:54","slug":"rudi-erebara","status":"publish","type":"post","link":"https:\/\/ejalbum.com\/sq\/rudi-erebara\/","title":{"rendered":"Rudi Erebara"},"content":{"rendered":"","protected":false},"excerpt":{"rendered":"","protected":false},"author":27,"featured_media":3046,"comment_status":"open","ping_status":"open","sticky":false,"template":"","format":"standard","meta":{"_acf_changed":false,"footnotes":""},"categories":[22],"tags":[],"class_list":["post-3045","post","type-post","status-publish","format-standard","has-post-thumbnail","hentry","category-artists"],"acf":[],"yoast_head":"<!-- This site is optimized with the Yoast SEO Premium plugin v26.9 (Yoast SEO v27.4) - https:\/\/yoast.com\/product\/yoast-seo-premium-wordpress\/ -->\n<title>Rudi Erebara - Ejalbum<\/title>\n<meta name=\"description\" content=\"I lindur n\u00eb vitin 1971, ai studioi n\u00eb Liceun Artistik \u201cJordan Misja\u201d dhe m\u00eb pas, n\u00eb vitin 1995, u diplomua n\u00eb Akademin\u00eb e Arteve t\u00eb Bukura n\u00eb Tiran\u00eb. Poet, p\u00ebrkthyes, estetik dhe publicist, gjat\u00eb karrier\u00ebs s\u00eb tij ka marr\u00eb shum\u00eb \u00e7mime t\u00eb r\u00ebnd\u00ebsishme komb\u00ebtare. Pas shum\u00eb vitesh emigrimi, aktualisht jeton dhe punon n\u00eb Tiran\u00eb.\" \/>\n<meta name=\"robots\" content=\"index, follow, max-snippet:-1, max-image-preview:large, max-video-preview:-1\" \/>\n<link rel=\"canonical\" href=\"https:\/\/ejalbum.com\/sq\/rudi-erebara\/\" \/>\n<meta property=\"og:locale\" content=\"sq_AL\" \/>\n<meta property=\"og:type\" content=\"article\" \/>\n<meta property=\"og:title\" content=\"Rudi Erebara\" \/>\n<meta property=\"og:description\" content=\"I lindur n\u00eb vitin 1971, ai studioi n\u00eb Liceun Artistik \u201cJordan Misja\u201d dhe m\u00eb pas, n\u00eb vitin 1995, u diplomua n\u00eb Akademin\u00eb e Arteve t\u00eb Bukura n\u00eb Tiran\u00eb. Poet, p\u00ebrkthyes, estetik dhe publicist, gjat\u00eb karrier\u00ebs s\u00eb tij ka marr\u00eb shum\u00eb \u00e7mime t\u00eb r\u00ebnd\u00ebsishme komb\u00ebtare. Pas shum\u00eb vitesh emigrimi, aktualisht jeton dhe punon n\u00eb Tiran\u00eb.\" \/>\n<meta property=\"og:url\" content=\"https:\/\/ejalbum.com\/sq\/rudi-erebara\/\" \/>\n<meta property=\"og:site_name\" content=\"Ejalbum\" \/>\n<meta property=\"article:publisher\" content=\"https:\/\/www.facebook.com\/EJAlbum\/\" \/>\n<meta property=\"article:published_time\" content=\"2026-01-20T14:11:58+00:00\" \/>\n<meta property=\"article:modified_time\" content=\"2026-01-28T12:25:54+00:00\" \/>\n<meta property=\"og:image\" content=\"https:\/\/ejalbum.com\/wp-content\/uploads\/2026\/01\/rudi-erebara-2.jpeg\" \/>\n\t<meta property=\"og:image:width\" content=\"360\" \/>\n\t<meta property=\"og:image:height\" content=\"360\" \/>\n\t<meta property=\"og:image:type\" content=\"image\/jpeg\" \/>\n<meta name=\"author\" content=\"Merisa Hasrama\" \/>\n<meta name=\"twitter:card\" content=\"summary_large_image\" \/>\n<meta name=\"twitter:label1\" content=\"Written by\" \/>\n\t<meta name=\"twitter:data1\" content=\"Merisa Hasrama\" \/>\n<script type=\"application\/ld+json\" class=\"yoast-schema-graph\">{\"@context\":\"https:\\\/\\\/schema.org\",\"@graph\":[{\"@type\":\"Article\",\"@id\":\"https:\\\/\\\/ejalbum.com\\\/rudi-erebara\\\/#article\",\"isPartOf\":{\"@id\":\"https:\\\/\\\/ejalbum.com\\\/rudi-erebara\\\/\"},\"author\":{\"name\":\"Merisa Hasrama\",\"@id\":\"https:\\\/\\\/ejalbum.com\\\/#\\\/schema\\\/person\\\/7f8b931faa8c2e96d5ea96c19637ec12\"},\"headline\":\"Rudi Erebara\",\"datePublished\":\"2026-01-20T14:11:58+00:00\",\"dateModified\":\"2026-01-28T12:25:54+00:00\",\"mainEntityOfPage\":{\"@id\":\"https:\\\/\\\/ejalbum.com\\\/rudi-erebara\\\/\"},\"wordCount\":2,\"commentCount\":0,\"publisher\":{\"@id\":\"https:\\\/\\\/ejalbum.com\\\/#organization\"},\"image\":{\"@id\":\"https:\\\/\\\/ejalbum.com\\\/rudi-erebara\\\/#primaryimage\"},\"thumbnailUrl\":\"https:\\\/\\\/ejalbum.com\\\/wp-content\\\/uploads\\\/2026\\\/01\\\/rudi-erebara-2.jpeg\",\"articleSection\":[\"Artists\"],\"inLanguage\":\"sq\",\"potentialAction\":[{\"@type\":\"CommentAction\",\"name\":\"Comment\",\"target\":[\"https:\\\/\\\/ejalbum.com\\\/rudi-erebara\\\/#respond\"]}]},{\"@type\":\"WebPage\",\"@id\":\"https:\\\/\\\/ejalbum.com\\\/rudi-erebara\\\/\",\"url\":\"https:\\\/\\\/ejalbum.com\\\/rudi-erebara\\\/\",\"name\":\"Rudi Erebara - Ejalbum\",\"isPartOf\":{\"@id\":\"https:\\\/\\\/ejalbum.com\\\/#website\"},\"primaryImageOfPage\":{\"@id\":\"https:\\\/\\\/ejalbum.com\\\/rudi-erebara\\\/#primaryimage\"},\"image\":{\"@id\":\"https:\\\/\\\/ejalbum.com\\\/rudi-erebara\\\/#primaryimage\"},\"thumbnailUrl\":\"https:\\\/\\\/ejalbum.com\\\/wp-content\\\/uploads\\\/2026\\\/01\\\/rudi-erebara-2.jpeg\",\"datePublished\":\"2026-01-20T14:11:58+00:00\",\"dateModified\":\"2026-01-28T12:25:54+00:00\",\"description\":\"I lindur n\u00eb vitin 1971, ai studioi n\u00eb Liceun Artistik \u201cJordan Misja\u201d dhe m\u00eb pas, n\u00eb vitin 1995, u diplomua n\u00eb Akademin\u00eb e Arteve t\u00eb Bukura n\u00eb Tiran\u00eb. Poet, p\u00ebrkthyes, estetik dhe publicist, gjat\u00eb karrier\u00ebs s\u00eb tij ka marr\u00eb shum\u00eb \u00e7mime t\u00eb r\u00ebnd\u00ebsishme komb\u00ebtare. Pas shum\u00eb vitesh emigrimi, aktualisht jeton dhe punon n\u00eb Tiran\u00eb.\",\"breadcrumb\":{\"@id\":\"https:\\\/\\\/ejalbum.com\\\/rudi-erebara\\\/#breadcrumb\"},\"inLanguage\":\"sq\",\"potentialAction\":[{\"@type\":\"ReadAction\",\"target\":[\"https:\\\/\\\/ejalbum.com\\\/rudi-erebara\\\/\"]}]},{\"@type\":\"ImageObject\",\"inLanguage\":\"sq\",\"@id\":\"https:\\\/\\\/ejalbum.com\\\/rudi-erebara\\\/#primaryimage\",\"url\":\"https:\\\/\\\/ejalbum.com\\\/wp-content\\\/uploads\\\/2026\\\/01\\\/rudi-erebara-2.jpeg\",\"contentUrl\":\"https:\\\/\\\/ejalbum.com\\\/wp-content\\\/uploads\\\/2026\\\/01\\\/rudi-erebara-2.jpeg\",\"width\":360,\"height\":360,\"caption\":\"Rudi erebara\"},{\"@type\":\"BreadcrumbList\",\"@id\":\"https:\\\/\\\/ejalbum.com\\\/rudi-erebara\\\/#breadcrumb\",\"itemListElement\":[{\"@type\":\"ListItem\",\"position\":1,\"name\":\"Home\",\"item\":\"https:\\\/\\\/ejalbum.com\\\/\"},{\"@type\":\"ListItem\",\"position\":2,\"name\":\"Rudi Erebara\"}]},{\"@type\":\"WebSite\",\"@id\":\"https:\\\/\\\/ejalbum.com\\\/#website\",\"url\":\"https:\\\/\\\/ejalbum.com\\\/\",\"name\":\"Ejalbum\",\"description\":\"Because Emotions Matter\",\"publisher\":{\"@id\":\"https:\\\/\\\/ejalbum.com\\\/#organization\"},\"potentialAction\":[{\"@type\":\"SearchAction\",\"target\":{\"@type\":\"EntryPoint\",\"urlTemplate\":\"https:\\\/\\\/ejalbum.com\\\/?s={search_term_string}\"},\"query-input\":{\"@type\":\"PropertyValueSpecification\",\"valueRequired\":true,\"valueName\":\"search_term_string\"}}],\"inLanguage\":\"sq\"},{\"@type\":\"Organization\",\"@id\":\"https:\\\/\\\/ejalbum.com\\\/#organization\",\"name\":\"Ejalbum\",\"url\":\"https:\\\/\\\/ejalbum.com\\\/\",\"logo\":{\"@type\":\"ImageObject\",\"inLanguage\":\"sq\",\"@id\":\"https:\\\/\\\/ejalbum.com\\\/#\\\/schema\\\/logo\\\/image\\\/\",\"url\":\"https:\\\/\\\/ejalbum.com\\\/wp-content\\\/uploads\\\/2025\\\/12\\\/Logo-EJAlbum-1.png\",\"contentUrl\":\"https:\\\/\\\/ejalbum.com\\\/wp-content\\\/uploads\\\/2025\\\/12\\\/Logo-EJAlbum-1.png\",\"width\":1210,\"height\":358,\"caption\":\"Ejalbum\"},\"image\":{\"@id\":\"https:\\\/\\\/ejalbum.com\\\/#\\\/schema\\\/logo\\\/image\\\/\"},\"sameAs\":[\"https:\\\/\\\/www.facebook.com\\\/EJAlbum\\\/\",\"https:\\\/\\\/www.instagram.com\\\/ejalbum\\\/\",\"https:\\\/\\\/www.youtube.com\\\/user\\\/ejalbum\"]},{\"@type\":\"Person\",\"@id\":\"https:\\\/\\\/ejalbum.com\\\/#\\\/schema\\\/person\\\/7f8b931faa8c2e96d5ea96c19637ec12\",\"name\":\"Merisa Hasrama\",\"image\":{\"@type\":\"ImageObject\",\"inLanguage\":\"sq\",\"@id\":\"https:\\\/\\\/secure.gravatar.com\\\/avatar\\\/78953c89cf781f4602ddf09f076f06ac7a2619b5dd7c2175b7a8c577d2cd48d0?s=96&d=mm&r=g\",\"url\":\"https:\\\/\\\/secure.gravatar.com\\\/avatar\\\/78953c89cf781f4602ddf09f076f06ac7a2619b5dd7c2175b7a8c577d2cd48d0?s=96&d=mm&r=g\",\"contentUrl\":\"https:\\\/\\\/secure.gravatar.com\\\/avatar\\\/78953c89cf781f4602ddf09f076f06ac7a2619b5dd7c2175b7a8c577d2cd48d0?s=96&d=mm&r=g\",\"caption\":\"Merisa Hasrama\"},\"url\":\"https:\\\/\\\/ejalbum.com\\\/sq\\\/author\\\/merisa\\\/\"}]}<\/script>\n<!-- \/ Yoast SEO Premium plugin. -->","yoast_head_json":{"title":"Rudi Erebara - Ejalbum","description":"I lindur n\u00eb vitin 1971, ai studioi n\u00eb Liceun Artistik \u201cJordan Misja\u201d dhe m\u00eb pas, n\u00eb vitin 1995, u diplomua n\u00eb Akademin\u00eb e Arteve t\u00eb Bukura n\u00eb Tiran\u00eb. Poet, p\u00ebrkthyes, estetik dhe publicist, gjat\u00eb karrier\u00ebs s\u00eb tij ka marr\u00eb shum\u00eb \u00e7mime t\u00eb r\u00ebnd\u00ebsishme komb\u00ebtare. Pas shum\u00eb vitesh emigrimi, aktualisht jeton dhe punon n\u00eb Tiran\u00eb.","robots":{"index":"index","follow":"follow","max-snippet":"max-snippet:-1","max-image-preview":"max-image-preview:large","max-video-preview":"max-video-preview:-1"},"canonical":"https:\/\/ejalbum.com\/sq\/rudi-erebara\/","og_locale":"sq_AL","og_type":"article","og_title":"Rudi Erebara","og_description":"I lindur n\u00eb vitin 1971, ai studioi n\u00eb Liceun Artistik \u201cJordan Misja\u201d dhe m\u00eb pas, n\u00eb vitin 1995, u diplomua n\u00eb Akademin\u00eb e Arteve t\u00eb Bukura n\u00eb Tiran\u00eb. Poet, p\u00ebrkthyes, estetik dhe publicist, gjat\u00eb karrier\u00ebs s\u00eb tij ka marr\u00eb shum\u00eb \u00e7mime t\u00eb r\u00ebnd\u00ebsishme komb\u00ebtare. Pas shum\u00eb vitesh emigrimi, aktualisht jeton dhe punon n\u00eb Tiran\u00eb.","og_url":"https:\/\/ejalbum.com\/sq\/rudi-erebara\/","og_site_name":"Ejalbum","article_publisher":"https:\/\/www.facebook.com\/EJAlbum\/","article_published_time":"2026-01-20T14:11:58+00:00","article_modified_time":"2026-01-28T12:25:54+00:00","og_image":[{"width":360,"height":360,"url":"https:\/\/ejalbum.com\/wp-content\/uploads\/2026\/01\/rudi-erebara-2.jpeg","type":"image\/jpeg"}],"author":"Merisa Hasrama","twitter_card":"summary_large_image","twitter_misc":{"Written by":"Merisa Hasrama"},"schema":{"@context":"https:\/\/schema.org","@graph":[{"@type":"Article","@id":"https:\/\/ejalbum.com\/rudi-erebara\/#article","isPartOf":{"@id":"https:\/\/ejalbum.com\/rudi-erebara\/"},"author":{"name":"Merisa Hasrama","@id":"https:\/\/ejalbum.com\/#\/schema\/person\/7f8b931faa8c2e96d5ea96c19637ec12"},"headline":"Rudi Erebara","datePublished":"2026-01-20T14:11:58+00:00","dateModified":"2026-01-28T12:25:54+00:00","mainEntityOfPage":{"@id":"https:\/\/ejalbum.com\/rudi-erebara\/"},"wordCount":2,"commentCount":0,"publisher":{"@id":"https:\/\/ejalbum.com\/#organization"},"image":{"@id":"https:\/\/ejalbum.com\/rudi-erebara\/#primaryimage"},"thumbnailUrl":"https:\/\/ejalbum.com\/wp-content\/uploads\/2026\/01\/rudi-erebara-2.jpeg","articleSection":["Artists"],"inLanguage":"sq","potentialAction":[{"@type":"CommentAction","name":"Comment","target":["https:\/\/ejalbum.com\/rudi-erebara\/#respond"]}]},{"@type":"WebPage","@id":"https:\/\/ejalbum.com\/rudi-erebara\/","url":"https:\/\/ejalbum.com\/rudi-erebara\/","name":"Rudi Erebara - Ejalbum","isPartOf":{"@id":"https:\/\/ejalbum.com\/#website"},"primaryImageOfPage":{"@id":"https:\/\/ejalbum.com\/rudi-erebara\/#primaryimage"},"image":{"@id":"https:\/\/ejalbum.com\/rudi-erebara\/#primaryimage"},"thumbnailUrl":"https:\/\/ejalbum.com\/wp-content\/uploads\/2026\/01\/rudi-erebara-2.jpeg","datePublished":"2026-01-20T14:11:58+00:00","dateModified":"2026-01-28T12:25:54+00:00","description":"I lindur n\u00eb vitin 1971, ai studioi n\u00eb Liceun Artistik \u201cJordan Misja\u201d dhe m\u00eb pas, n\u00eb vitin 1995, u diplomua n\u00eb Akademin\u00eb e Arteve t\u00eb Bukura n\u00eb Tiran\u00eb. Poet, p\u00ebrkthyes, estetik dhe publicist, gjat\u00eb karrier\u00ebs s\u00eb tij ka marr\u00eb shum\u00eb \u00e7mime t\u00eb r\u00ebnd\u00ebsishme komb\u00ebtare. Pas shum\u00eb vitesh emigrimi, aktualisht jeton dhe punon n\u00eb Tiran\u00eb.","breadcrumb":{"@id":"https:\/\/ejalbum.com\/rudi-erebara\/#breadcrumb"},"inLanguage":"sq","potentialAction":[{"@type":"ReadAction","target":["https:\/\/ejalbum.com\/rudi-erebara\/"]}]},{"@type":"ImageObject","inLanguage":"sq","@id":"https:\/\/ejalbum.com\/rudi-erebara\/#primaryimage","url":"https:\/\/ejalbum.com\/wp-content\/uploads\/2026\/01\/rudi-erebara-2.jpeg","contentUrl":"https:\/\/ejalbum.com\/wp-content\/uploads\/2026\/01\/rudi-erebara-2.jpeg","width":360,"height":360,"caption":"Rudi erebara"},{"@type":"BreadcrumbList","@id":"https:\/\/ejalbum.com\/rudi-erebara\/#breadcrumb","itemListElement":[{"@type":"ListItem","position":1,"name":"Home","item":"https:\/\/ejalbum.com\/"},{"@type":"ListItem","position":2,"name":"Rudi Erebara"}]},{"@type":"WebSite","@id":"https:\/\/ejalbum.com\/#website","url":"https:\/\/ejalbum.com\/","name":"Ejalbum","description":"Because Emotions Matter","publisher":{"@id":"https:\/\/ejalbum.com\/#organization"},"potentialAction":[{"@type":"SearchAction","target":{"@type":"EntryPoint","urlTemplate":"https:\/\/ejalbum.com\/?s={search_term_string}"},"query-input":{"@type":"PropertyValueSpecification","valueRequired":true,"valueName":"search_term_string"}}],"inLanguage":"sq"},{"@type":"Organization","@id":"https:\/\/ejalbum.com\/#organization","name":"Ejalbum","url":"https:\/\/ejalbum.com\/","logo":{"@type":"ImageObject","inLanguage":"sq","@id":"https:\/\/ejalbum.com\/#\/schema\/logo\/image\/","url":"https:\/\/ejalbum.com\/wp-content\/uploads\/2025\/12\/Logo-EJAlbum-1.png","contentUrl":"https:\/\/ejalbum.com\/wp-content\/uploads\/2025\/12\/Logo-EJAlbum-1.png","width":1210,"height":358,"caption":"Ejalbum"},"image":{"@id":"https:\/\/ejalbum.com\/#\/schema\/logo\/image\/"},"sameAs":["https:\/\/www.facebook.com\/EJAlbum\/","https:\/\/www.instagram.com\/ejalbum\/","https:\/\/www.youtube.com\/user\/ejalbum"]},{"@type":"Person","@id":"https:\/\/ejalbum.com\/#\/schema\/person\/7f8b931faa8c2e96d5ea96c19637ec12","name":"Merisa Hasrama","image":{"@type":"ImageObject","inLanguage":"sq","@id":"https:\/\/secure.gravatar.com\/avatar\/78953c89cf781f4602ddf09f076f06ac7a2619b5dd7c2175b7a8c577d2cd48d0?s=96&d=mm&r=g","url":"https:\/\/secure.gravatar.com\/avatar\/78953c89cf781f4602ddf09f076f06ac7a2619b5dd7c2175b7a8c577d2cd48d0?s=96&d=mm&r=g","contentUrl":"https:\/\/secure.gravatar.com\/avatar\/78953c89cf781f4602ddf09f076f06ac7a2619b5dd7c2175b7a8c577d2cd48d0?s=96&d=mm&r=g","caption":"Merisa Hasrama"},"url":"https:\/\/ejalbum.com\/sq\/author\/merisa\/"}]}},"_links":{"self":[{"href":"https:\/\/ejalbum.com\/sq\/wp-json\/wp\/v2\/posts\/3045","targetHints":{"allow":["GET"]}}],"collection":[{"href":"https:\/\/ejalbum.com\/sq\/wp-json\/wp\/v2\/posts"}],"about":[{"href":"https:\/\/ejalbum.com\/sq\/wp-json\/wp\/v2\/types\/post"}],"author":[{"embeddable":true,"href":"https:\/\/ejalbum.com\/sq\/wp-json\/wp\/v2\/users\/27"}],"replies":[{"embeddable":true,"href":"https:\/\/ejalbum.com\/sq\/wp-json\/wp\/v2\/comments?post=3045"}],"version-history":[{"count":0,"href":"https:\/\/ejalbum.com\/sq\/wp-json\/wp\/v2\/posts\/3045\/revisions"}],"wp:featuredmedia":[{"embeddable":true,"href":"https:\/\/ejalbum.com\/sq\/wp-json\/wp\/v2\/media\/3046"}],"wp:attachment":[{"href":"https:\/\/ejalbum.com\/sq\/wp-json\/wp\/v2\/media?parent=3045"}],"wp:term":[{"taxonomy":"category","embeddable":true,"href":"https:\/\/ejalbum.com\/sq\/wp-json\/wp\/v2\/categories?post=3045"},{"taxonomy":"post_tag","embeddable":true,"href":"https:\/\/ejalbum.com\/sq\/wp-json\/wp\/v2\/tags?post=3045"}],"curies":[{"name":"wp","href":"https:\/\/api.w.org\/{rel}","templated":true}]}}